{"id":769,"date":"2024-05-23T23:39:58","date_gmt":"2024-05-24T02:39:58","guid":{"rendered":"https:\/\/celebridadestalks.online\/?p=769"},"modified":"2024-07-02T18:00:29","modified_gmt":"2024-07-02T21:00:29","slug":"fabio-porchat-vai-conversar-com-papa","status":"publish","type":"post","link":"https:\/\/celebridadestalks.online\/index.php\/2024\/05\/23\/fabio-porchat-vai-conversar-com-papa\/","title":{"rendered":"F\u00e1bio Porchat vai conversar com Papa"},"content":{"rendered":"\n<p><a href=\"https:\/\/clickdomundo.online\/index.php\/2024\/05\/23\/fabio-porchat-e-convidado-para-se-encontrar-com-o-papa-francisco-no-vaticano\/\"><time datetime=\"\"><\/time><\/a><a href=\"https:\/\/clickdomundo.online\/index.php\/author\/clickdomundo\/\"><\/a><\/p>\n\n\n\n<p>O humorista e apresentador F\u00e1bio Porchat foi recentemente convidado para um encontro significativo com o Papa Francisco, agendado para o dia 14 de junho no Vaticano. Esta ocasi\u00e3o marca um momento de grande relev\u00e2ncia, n\u00e3o apenas na vida pessoal e profissional de Porchat, mas tamb\u00e9m para a comunidade brasileira como um todo.<\/p>\n\n\n\n<p>O convite para o encontro com o Papa Francisco \u00e9 um reconhecimento do impacto que F\u00e1bio Porchat tem exercido nos meios de comunica\u00e7\u00e3o e na cultura brasileira. Conhecido por seu trabalho no humor e na televis\u00e3o, Porchat transcende os limites do entretenimento, engajando-se em discuss\u00f5es s\u00e9rias e temas sociais relevantes. Sua influ\u00eancia e popularidade tornam este convite ainda mais significativo, simbolizando uma ponte entre o mundo do entretenimento e a esfera religiosa.<\/p>\n\n\n\n<p>A organiza\u00e7\u00e3o desta reuni\u00e3o envolveu diversas etapas e protocolos, refletindo a import\u00e2ncia do evento. A escolha de Porchat para esta audi\u00eancia papal n\u00e3o foi aleat\u00f3ria; foi um reconhecimento de suas contribui\u00e7\u00f5es para a sociedade, especialmente em temas que ressoam com a mensagem de inclus\u00e3o e di\u00e1logo promovida pelo Papa Francisco. Este encontro oferece uma oportunidade \u00fanica para discutir t\u00f3picos de interesse m\u00fatuo e explorar formas de colabora\u00e7\u00e3o que podem beneficiar a sociedade em geral.<\/p>\n\n\n\n<p>Para a comunidade brasileira, este evento representa um momento de orgulho e reflex\u00e3o. A audi\u00eancia com o Papa Francisco \u00e9 um reconhecimento da diversidade cultural e da riqueza de talentos do Brasil, destacando a capacidade de figuras p\u00fablicas como F\u00e1bio Porchat de influenciar positivamente a sociedade. Al\u00e9m disso, o encontro ressalta o papel vital da comunica\u00e7\u00e3o e do humor na promo\u00e7\u00e3o de valores universais como a empatia, o respeito e a compreens\u00e3o m\u00fatua.<\/p>\n\n\n\n<p>Assim, o encontro de F\u00e1bio Porchat com o Papa Francisco \u00e9 mais do que uma simples reuni\u00e3o; \u00e9 um evento de grande simbolismo e import\u00e2ncia, refletindo o poder transformador da comunica\u00e7\u00e3o e do di\u00e1logo na constru\u00e7\u00e3o de um mundo mais justo e inclusivo.<\/p>\n\n\n\n<h2 class=\"wp-block-heading\">Quem \u00e9 F\u00e1bio Porchat<\/h2>\n\n\n\n<p>F\u00e1bio Porchat \u00e9 uma figura proeminente no cen\u00e1rio art\u00edstico brasileiro, conhecido por sua versatilidade como humorista, apresentador de televis\u00e3o e ator. Nascido em 1\u00ba de julho de 1983, no Rio de Janeiro, Porchat come\u00e7ou sua carreira no teatro, onde rapidamente se destacou pelo seu talento c\u00f4mico. Sua entrada no mundo da televis\u00e3o aconteceu com o programa \u201cZorra Total\u201d, da Rede Globo, que lhe proporcionou visibilidade nacional.<\/p>\n\n\n\n<p>Um dos marcos na carreira de Porchat foi a funda\u00e7\u00e3o do canal de humor \u201cPorta dos Fundos\u201d em 2012, ao lado de outros humoristas. O sucesso do canal, que rapidamente se tornou um fen\u00f4meno na internet, consolidou Porchat como um dos principais nomes do humor contempor\u00e2neo no Brasil. \u201cPorta dos Fundos\u201d \u00e9 conhecido por suas esquetes sat\u00edricas que abordam temas diversos, muitas vezes com uma cr\u00edtica social contundente.<\/p>\n\n\n\n<p>Al\u00e9m de seu trabalho no \u201cPorta dos Fundos\u201d, F\u00e1bio Porchat tamb\u00e9m se destacou como apresentador de televis\u00e3o. Em 2016, ele estreou o \u201cPrograma do Porchat\u201d na Record TV, onde entrevistou personalidades de diversas \u00e1reas e discutiu temas relevantes de forma descontra\u00edda e humor\u00edstica. O programa foi bem recebido pelo p\u00fablico e pela cr\u00edtica, ampliando ainda mais sua popularidade.<\/p>\n\n\n\n<p>No cinema, Porchat participou de filmes de sucesso como \u201cMeu Passado Me Condena\u201d e \u201cVai que D\u00e1 Certo\u201d, mostrando sua habilidade de transitar entre diferentes m\u00eddias e formatos de com\u00e9dia. Sua versatilidade e carisma fizeram dele uma figura querida por v\u00e1rias gera\u00e7\u00f5es de brasileiros.<\/p>\n\n\n\n<p>Al\u00e9m de sua carreira art\u00edstica, F\u00e1bio Porchat \u00e9 conhecido por seu engajamento em quest\u00f5es sociais e filantr\u00f3picas. Ele frequentemente utiliza sua plataforma para apoiar causas como a igualdade de direitos, a prote\u00e7\u00e3o ambiental e a luta contra a fome. Esse compromisso com quest\u00f5es sociais pode ter sido um dos fatores que levaram ao convite para se encontrar com o Papa Francisco no Vaticano, demonstrando o reconhecimento de sua influ\u00eancia positiva na sociedade.<\/p>\n\n\n\n<h2 class=\"wp-block-heading\">O Papel do Papa Francisco na Sociedade Atual<\/h2>\n\n\n\n<p>O Papa Francisco, nascido Jorge Mario Bergoglio, assumiu o pontificado em 2013 e rapidamente se destacou por sua abordagem inovadora e compassiva. Sua lideran\u00e7a na Igreja Cat\u00f3lica tem sido marcada por um esfor\u00e7o cont\u00ednuo em promover a paz, a justi\u00e7a social e o di\u00e1logo inter-religioso. Ele \u00e9 amplamente reconhecido por suas iniciativas em prol dos pobres e marginalizados, buscando constantemente maneiras de reduzir as desigualdades sociais e econ\u00f4micas.<\/p>\n\n\n\n<p>Francisco tem sido um defensor fervoroso da justi\u00e7a social, frequentemente abordando quest\u00f5es como a pobreza, a imigra\u00e7\u00e3o e o meio ambiente. Sua enc\u00edclica \u201cLaudato Si&#8217;\u201d \u00e9 um chamado \u00e0 a\u00e7\u00e3o global para combater as mudan\u00e7as clim\u00e1ticas e proteger o planeta, enfatizando a interconex\u00e3o entre a degrada\u00e7\u00e3o ambiental e a injusti\u00e7a social. Al\u00e9m disso, ele tem promovido um di\u00e1logo aberto e inclusivo entre diferentes religi\u00f5es, buscando construir pontes de compreens\u00e3o e coopera\u00e7\u00e3o em um mundo cada vez mais polarizado.<\/p>\n\n\n\n<p>A abordagem progressista do Papa Francisco tamb\u00e9m se estende a temas contempor\u00e2neos controversos. Ele tem mostrado uma disposi\u00e7\u00e3o para reavaliar a posi\u00e7\u00e3o da Igreja sobre quest\u00f5es como a homossexualidade, o papel das mulheres na igreja e o celibato clerical. Embora estas iniciativas muitas vezes gerem resist\u00eancia dentro da pr\u00f3pria institui\u00e7\u00e3o, elas s\u00e3o vistas como passos importantes para tornar a Igreja Cat\u00f3lica mais relevante e inclusiva na sociedade moderna.<\/p>\n\n\n\n<p>O impacto global do Papa Francisco \u00e9 ineg\u00e1vel. Sua capacidade de se conectar com pessoas de diferentes culturas e cren\u00e7as o torna uma figura influente n\u00e3o apenas no \u00e2mbito religioso, mas tamb\u00e9m no cen\u00e1rio pol\u00edtico e social mundial. O encontro de F\u00e1bio Porchat com o Papa Francisco no Vaticano \u00e9 um evento significativo que sublinha a relev\u00e2ncia cont\u00ednua do Papa como um l\u00edder mundial que busca promover a compreens\u00e3o e a unidade em tempos de divis\u00e3o.<\/p>\n\n\n\n<h2 class=\"wp-block-heading\">Expectativas e Significado do Encontro<\/h2>\n\n\n\n<p>O encontro entre F\u00e1bio Porchat e o Papa Francisco no Vaticano gera grandes expectativas tanto no Brasil quanto na comunidade internacional. A reuni\u00e3o \u00e9 vista como uma oportunidade \u00fanica para discutir temas de relev\u00e2ncia global, como justi\u00e7a social, direitos humanos e a import\u00e2ncia do di\u00e1logo inter-religioso. F\u00e1bio Porchat, conhecido por sua carreira como comediante e apresentador, pode trazer uma perspectiva \u00fanica, utilizando seu alcance midi\u00e1tico para amplificar as mensagens discutidas durante a audi\u00eancia.<\/p>\n\n\n\n<p>Espera-se que um dos principais t\u00f3picos abordados seja a promo\u00e7\u00e3o da paz e da solidariedade, um tema caro ao Papa Francisco. Porchat tem, em diversas ocasi\u00f5es, demonstrado interesse em quest\u00f5es sociais e sua capacidade de influenciar a opini\u00e3o p\u00fablica pode ser um catalisador para a\u00e7\u00f5es concretas. A reuni\u00e3o tamb\u00e9m pode abordar a import\u00e2ncia da inclus\u00e3o e da diversidade, alinhando-se com a vis\u00e3o progressista e acolhedora do pont\u00edfice.<\/p>\n\n\n\n<p>Para F\u00e1bio Porchat, este encontro pode representar um marco significativo em sua trajet\u00f3ria, n\u00e3o apenas como figura p\u00fablica, mas tamb\u00e9m em seu papel como influenciador social. A visibilidade do evento pode refor\u00e7ar sua imagem como algu\u00e9m comprometido com causas maiores, al\u00e9m do entretenimento. Essa converg\u00eancia de personalidades de diferentes esferas \u2013 religiosa e cultural \u2013 pode criar um di\u00e1logo frut\u00edfero e inspirar milh\u00f5es de pessoas ao redor do mundo.<\/p>\n\n\n\n<p>A rela\u00e7\u00e3o entre o Brasil e o Vaticano pode tamb\u00e9m ser positivamente impactada. Este encontro sinaliza uma abertura e um reconhecimento m\u00fatuo, fortalecendo la\u00e7os e promovendo maior coopera\u00e7\u00e3o em temas de interesse comum. A audi\u00eancia pode, assim, servir como um exemplo do poder transformador do di\u00e1logo e da colabora\u00e7\u00e3o entre l\u00edderes de diferentes \u00e1reas, incentivando uma maior aproxima\u00e7\u00e3o entre a comunidade brasileira e a Santa S\u00e9.<\/p>\n","protected":false},"excerpt":{"rendered":"<p>O humorista e apresentador F\u00e1bio Porchat foi recentemente convidado para um encontro significativo com o Papa Francisco, agendado para o<\/p>\n","protected":false},"author":1,"featured_media":770,"comment_status":"closed","ping_status":"closed","sticky":true,"template":"","format":"status","meta":{"colormag_page_container_layout":"default_layout","colormag_page_sidebar_layout":"default_layout","footnotes":""},"categories":[171],"tags":[52,49,51],"class_list":["post-769","post","type-post","status-publish","format-status","has-post-thumbnail","hentry","category-famosos","tag-fama","tag-informativo","tag-noticias-2","post_format-post-format-status"],"aioseo_notices":[],"_links":{"self":[{"href":"https:\/\/celebridadestalks.online\/index.php\/wp-json\/wp\/v2\/posts\/769","targetHints":{"allow":["GET"]}}],"collection":[{"href":"https:\/\/celebridadestalks.online\/index.php\/wp-json\/wp\/v2\/posts"}],"about":[{"href":"https:\/\/celebridadestalks.online\/index.php\/wp-json\/wp\/v2\/types\/post"}],"author":[{"embeddable":true,"href":"https:\/\/celebridadestalks.online\/index.php\/wp-json\/wp\/v2\/users\/1"}],"replies":[{"embeddable":true,"href":"https:\/\/celebridadestalks.online\/index.php\/wp-json\/wp\/v2\/comments?post=769"}],"version-history":[{"count":1,"href":"https:\/\/celebridadestalks.online\/index.php\/wp-json\/wp\/v2\/posts\/769\/revisions"}],"predecessor-version":[{"id":771,"href":"https:\/\/celebridadestalks.online\/index.php\/wp-json\/wp\/v2\/posts\/769\/revisions\/771"}],"wp:featuredmedia":[{"embeddable":true,"href":"https:\/\/celebridadestalks.online\/index.php\/wp-json\/wp\/v2\/media\/770"}],"wp:attachment":[{"href":"https:\/\/celebridadestalks.online\/index.php\/wp-json\/wp\/v2\/media?parent=769"}],"wp:term":[{"taxonomy":"category","embeddable":true,"href":"https:\/\/celebridadestalks.online\/index.php\/wp-json\/wp\/v2\/categories?post=769"},{"taxonomy":"post_tag","embeddable":true,"href":"https:\/\/celebridadestalks.online\/index.php\/wp-json\/wp\/v2\/tags?post=769"}],"curies":[{"name":"wp","href":"https:\/\/api.w.org\/{rel}","templated":true}]}}